{"id":4587,"date":"2022-10-17T10:26:46","date_gmt":"2022-10-17T07:26:46","guid":{"rendered":"https:\/\/www.apaoltenia.ro\/?p=4587"},"modified":"2022-10-17T10:26:46","modified_gmt":"2022-10-17T07:26:46","slug":"anunt-intrerupere-alimentare-cu-apa-in-data-de-19-10-2022","status":"publish","type":"post","link":"https:\/\/www.apaoltenia.ro\/index.php\/2022\/10\/17\/anunt-intrerupere-alimentare-cu-apa-in-data-de-19-10-2022\/","title":{"rendered":"ANUNT \u00eentrerupere alimentare cu ap\u0103 \u00een data de 19.10.2022"},"content":{"rendered":"<p>S.C. Compania de Ap\u0103 Oltenia S.A. <strong><u>anun\u021b\u0103 \u00eentreruperea aliment\u0103rii cu ap\u0103 potabil\u0103, MIERCURI, 19.10.2022, \u00een intervalul orar 10.00 \u2013 15.00, \u00een vederea \u00eenlocuirii unei conducte Dn 300 mm \u00een re\u021beaua de distribu\u021bie ap\u0103 \u0219i cuplare extindere re\u021bea de alimentare cu ap\u0103. <\/u><\/strong><\/p>\n<p><strong><u>Vor fi afecta\u021bi de oprire utilizatorii de pe Calea Severinului, de la Biserica Catolic\u0103 p\u00e2n\u0103 la strada Pelendava, zona blocurilor cuprins\u0103 \u00eentre strada Topora\u0219i \u2013 bulevardul Tineretului \u2013 Calea Severinului \u0219i Complexul Comercial Auchan<\/u><\/strong><strong>.<\/strong><\/p>\n<p>Aten\u021bion\u0103m utilizatorii de ap\u0103 potabil\u0103 din zonele men\u021bionate c\u0103, din cauza manevrelor de golire \u015fi umplere a sistemului public de alimentare cu ap\u0103 potabil\u0103, ocazional, se pot produce modific\u0103ri ale calit\u0103\u021bii apei potabile din punct de vedere al turbidit\u0103\u021bii \u015fi culorii. La apari\u021bia acestor fenomene se va evita consumul de ap\u0103 potabil\u0103, p\u00e2n\u0103 la limpezirea apei.<\/p>\n<p>Compania de Ap\u0103 Oltenia S.A., prin Laboratoarele de analiz\u0103 a apei potabile, va monitoriza permanent calitatea apei dup\u0103 repunerea \u00een func\u021biune a sistemului de distribu\u021bie.<\/p>\n<p>Ne cerem scuze pentru disconfortul creat \u015fi v\u0103 mul\u021bumim pentru \u00een\u021belegere.<\/p>\n<p><strong>\u00a0<\/strong><\/p>\n","protected":false},"excerpt":{"rendered":"<p>S.C. Compania de Ap\u0103 Oltenia S.A. anun\u021b\u0103 \u00eentreruperea aliment\u0103rii cu ap\u0103 potabil\u0103, MIERCURI, 19.10.2022, \u00een intervalul orar 10.00 \u2013 15.00, \u00een vederea \u00eenlocuirii unei conducte Dn 300 mm \u00een re\u021beaua de distribu\u021bie ap\u0103 \u0219i cuplare extindere re\u021bea de alimentare cu ap\u0103. Vor fi afecta\u021bi de oprire utilizatorii de pe Calea Severinului, de la Biserica Catolic\u0103 &hellip;<\/p>\n<p class=\"read-more\"> <a class=\"\" href=\"https:\/\/www.apaoltenia.ro\/index.php\/2022\/10\/17\/anunt-intrerupere-alimentare-cu-apa-in-data-de-19-10-2022\/\"> <span class=\"screen-reader-text\">ANUNT \u00eentrerupere alimentare cu ap\u0103 \u00een data de 19.10.2022<\/span> Read More &raquo;<\/a><\/p>\n","protected":false},"author":2,"featured_media":0,"comment_status":"closed","ping_status":"closed","sticky":false,"template":"","format":"standard","meta":[],"categories":[18,24],"tags":[],"_links":{"self":[{"href":"https:\/\/www.apaoltenia.ro\/index.php\/wp-json\/wp\/v2\/posts\/4587"}],"collection":[{"href":"https:\/\/www.apaoltenia.ro\/index.php\/wp-json\/wp\/v2\/posts"}],"about":[{"href":"https:\/\/www.apaoltenia.ro\/index.php\/wp-json\/wp\/v2\/types\/post"}],"author":[{"embeddable":true,"href":"https:\/\/www.apaoltenia.ro\/index.php\/wp-json\/wp\/v2\/users\/2"}],"replies":[{"embeddable":true,"href":"https:\/\/www.apaoltenia.ro\/index.php\/wp-json\/wp\/v2\/comments?post=4587"}],"version-history":[{"count":1,"href":"https:\/\/www.apaoltenia.ro\/index.php\/wp-json\/wp\/v2\/posts\/4587\/revisions"}],"predecessor-version":[{"id":4588,"href":"https:\/\/www.apaoltenia.ro\/index.php\/wp-json\/wp\/v2\/posts\/4587\/revisions\/4588"}],"wp:attachment":[{"href":"https:\/\/www.apaoltenia.ro\/index.php\/wp-json\/wp\/v2\/media?parent=4587"}],"wp:term":[{"taxonomy":"category","embeddable":true,"href":"https:\/\/www.apaoltenia.ro\/index.php\/wp-json\/wp\/v2\/categories?post=4587"},{"taxonomy":"post_tag","embeddable":true,"href":"https:\/\/www.apaoltenia.ro\/index.php\/wp-json\/wp\/v2\/tags?post=4587"}],"curies":[{"name":"wp","href":"https:\/\/api.w.org\/{rel}","templated":true}]}}