{"id":3365,"date":"2022-04-08T16:47:10","date_gmt":"2022-04-08T13:47:10","guid":{"rendered":"https:\/\/www.apaoltenia.ro\/?p=3365"},"modified":"2022-04-11T14:13:19","modified_gmt":"2022-04-11T11:13:19","slug":"anunt-08-04-2022","status":"publish","type":"post","link":"https:\/\/www.apaoltenia.ro\/index.php\/2022\/04\/08\/anunt-08-04-2022\/","title":{"rendered":"ANUN\u021a 08.04.2022"},"content":{"rendered":"<p><strong>S.C. Compania de Ap\u0103 Oltenia S.A. informeaz\u0103 utilizatorii serviciului public de alimentare cu ap\u0103 potabil\u0103 c\u0103 \u00een perioada 11 aprilie 2022, ora 19:00 \u2013 17 aprilie 2022, ora 16:00 vor fi efectuate lucr\u0103ri de sp\u0103lare \u2013 igienizare a sursei de ap\u0103\u00a0 MARICA (Sta\u021biile de ap\u0103 F\u0103c\u0103i, Secui, Teasc, Bratovoe\u0219ti).<\/strong><\/p>\n<p><strong>\u00a0\u00a0\u00a0<span style=\"text-decoration: underline;\"> Lucr\u0103rile nu vor afecta alimentarea cu ap\u0103 potabil\u0103 a utilizatorilor din Municipiul Craiova.<\/span><\/strong><\/p>\n<p>\u00cen perioada acestor lucr\u0103ri va fi afectat\u0103 alimentarea cu ap\u0103 potabil\u0103 a utilizatorilor de pe traseul aduc\u021biunilor Marica \u015fi Gioroc.<\/p>\n<p><strong>\u00a0 Miercuri, 13 aprilie 2022, \u00een intervalul orar 08:00 \u2013 20:00, se opre\u0219te pomparea la Sta\u021bia F\u0103c\u0103i, urm\u00e2nd s\u0103 fie afecta\u021bi utilizatorii din localit\u0103\u021bile Malu Mare, Secui, Teasc \u0219i Bratovoe\u0219ti.<\/strong><\/p>\n<p>Aten\u021bion\u0103m utilizatorii de ap\u0103 potabil\u0103 din zonele men\u021bionate c\u0103, din cauza manevrelor de golire \u015fi umplere a sistemului public de alimentare cu ap\u0103 potabil\u0103, ocazional, se pot produce modific\u0103ri ale calit\u0103\u021bii apei potabile din punct de vedere al turbidit\u0103\u021bii \u015fi culorii. La apari\u021bia acestor fenomene se va evita consumul de ap\u0103 potabil\u0103, p\u00e2n\u0103 la limpezire.<\/p>\n<p>Compania de Ap\u0103 Oltenia S.A., prin laboratoarele de analiz\u0103 a apei potabile, va monitoriza permanent calitatea apei dup\u0103 repunerea \u00een func\u021biune a sistemului.<\/p>\n<p>Ne cerem scuze pentru disconfortul creat \u0219i v\u0103 mul\u021bumim pentru \u00een\u021belegere.<\/p>\n","protected":false},"excerpt":{"rendered":"<p>S.C. Compania de Ap\u0103 Oltenia S.A. informeaz\u0103 utilizatorii serviciului public de alimentare cu ap\u0103 potabil\u0103 c\u0103 \u00een perioada 11 aprilie 2022, ora 19:00 \u2013 17 aprilie 2022, ora 16:00 vor fi efectuate lucr\u0103ri de sp\u0103lare \u2013 igienizare a sursei de ap\u0103\u00a0 MARICA (Sta\u021biile de ap\u0103 F\u0103c\u0103i, Secui, Teasc, Bratovoe\u0219ti). \u00a0\u00a0\u00a0 Lucr\u0103rile nu vor afecta alimentarea &hellip;<\/p>\n<p class=\"read-more\"> <a class=\"\" href=\"https:\/\/www.apaoltenia.ro\/index.php\/2022\/04\/08\/anunt-08-04-2022\/\"> <span class=\"screen-reader-text\">ANUN\u021a 08.04.2022<\/span> Read More &raquo;<\/a><\/p>\n","protected":false},"author":2,"featured_media":0,"comment_status":"closed","ping_status":"closed","sticky":false,"template":"","format":"standard","meta":[],"categories":[18,24],"tags":[],"_links":{"self":[{"href":"https:\/\/www.apaoltenia.ro\/index.php\/wp-json\/wp\/v2\/posts\/3365"}],"collection":[{"href":"https:\/\/www.apaoltenia.ro\/index.php\/wp-json\/wp\/v2\/posts"}],"about":[{"href":"https:\/\/www.apaoltenia.ro\/index.php\/wp-json\/wp\/v2\/types\/post"}],"author":[{"embeddable":true,"href":"https:\/\/www.apaoltenia.ro\/index.php\/wp-json\/wp\/v2\/users\/2"}],"replies":[{"embeddable":true,"href":"https:\/\/www.apaoltenia.ro\/index.php\/wp-json\/wp\/v2\/comments?post=3365"}],"version-history":[{"count":2,"href":"https:\/\/www.apaoltenia.ro\/index.php\/wp-json\/wp\/v2\/posts\/3365\/revisions"}],"predecessor-version":[{"id":3367,"href":"https:\/\/www.apaoltenia.ro\/index.php\/wp-json\/wp\/v2\/posts\/3365\/revisions\/3367"}],"wp:attachment":[{"href":"https:\/\/www.apaoltenia.ro\/index.php\/wp-json\/wp\/v2\/media?parent=3365"}],"wp:term":[{"taxonomy":"category","embeddable":true,"href":"https:\/\/www.apaoltenia.ro\/index.php\/wp-json\/wp\/v2\/categories?post=3365"},{"taxonomy":"post_tag","embeddable":true,"href":"https:\/\/www.apaoltenia.ro\/index.php\/wp-json\/wp\/v2\/tags?post=3365"}],"curies":[{"name":"wp","href":"https:\/\/api.w.org\/{rel}","templated":true}]}}