{"id":3307,"date":"2022-03-31T09:30:03","date_gmt":"2022-03-31T06:30:03","guid":{"rendered":"https:\/\/www.apaoltenia.ro\/?p=3307"},"modified":"2022-04-01T10:01:18","modified_gmt":"2022-04-01T07:01:18","slug":"interventii-31-03-2022","status":"publish","type":"post","link":"https:\/\/www.apaoltenia.ro\/index.php\/2022\/03\/31\/interventii-31-03-2022\/","title":{"rendered":"Interventii 31.03.2022"},"content":{"rendered":"<p style=\"text-align: left;\">&#8211; Str. C-tin Argetoianu, bl.75- Reparare camin vizitare<\/p>\n<p style=\"text-align: left;\">&#8211; Str. Beethoven &#8211; reabilitare retea -continuare lucrare<br clear=\"none\" \/>&#8211; Str. Stefan Velovan &#8211; inlocuire conducta -continuare lucrare<\/p>\n<p>&#8211; Str. Independen\u021bei, nr. 15, mun. B\u0103ile\u0219ti &#8211; execu\u021bie bran\u0219ament re\u021bea ap\u0103. \u00cen vederea execut\u0103rii lucr\u0103rii se \u00eentrerupe alimentarea cu ap\u0103 \u00een intervalul orar 10.00 &#8211; 12.00 pe str\u0103zile Independen\u021bei (par\u021bial), Eroilor, Oituz, A.I. Cuza, M\u0103r\u0103\u0219ti, Bucegi, Mare\u0219al Averescu, Cernei \u0219i Cr\u00e2ngului<\/p>\n<p>&#8211; Str. C-tin Argetoianu, bl.75 &#8211; conducta sparta<\/p>\n<p>&#8211; Str. \u0218tefan Velovan, bl. B1 &#8211; conduct\u0103 spart\u0103. \u00cen vederea lucr\u0103rilor de remediere se \u00eentrerupe alimentarea cu ap\u0103 la CT 5 Calea Bucure\u0219ti, \u00een intervalul orar 11.30 &#8211; 13.00, fiind afecta\u021bi utilizatorii de pe strada \u0218tefan Velovan \u0219i blocurile din zon\u0103<\/p>\n<p>&#8211; Str. Rugului nr 2 &#8211; conducta sparta in strada<\/p>\n<p>&#8211; Str. Aurel Vlaicu (Spalatorie) &#8211; conducta sparta in strada<\/p>\n","protected":false},"excerpt":{"rendered":"<p>&#8211; Str. C-tin Argetoianu, bl.75- Reparare camin vizitare &#8211; Str. Beethoven &#8211; reabilitare retea -continuare lucrare&#8211; Str. Stefan Velovan &#8211; inlocuire conducta -continuare lucrare &#8211; Str. Independen\u021bei, nr. 15, mun. B\u0103ile\u0219ti &#8211; execu\u021bie bran\u0219ament re\u021bea ap\u0103. \u00cen vederea execut\u0103rii lucr\u0103rii se \u00eentrerupe alimentarea cu ap\u0103 \u00een intervalul orar 10.00 &#8211; 12.00 pe str\u0103zile Independen\u021bei (par\u021bial), &hellip;<\/p>\n<p class=\"read-more\"> <a class=\"\" href=\"https:\/\/www.apaoltenia.ro\/index.php\/2022\/03\/31\/interventii-31-03-2022\/\"> <span class=\"screen-reader-text\">Interventii 31.03.2022<\/span> Read More &raquo;<\/a><\/p>\n","protected":false},"author":2,"featured_media":0,"comment_status":"closed","ping_status":"closed","sticky":false,"template":"","format":"standard","meta":[],"categories":[25],"tags":[],"_links":{"self":[{"href":"https:\/\/www.apaoltenia.ro\/index.php\/wp-json\/wp\/v2\/posts\/3307"}],"collection":[{"href":"https:\/\/www.apaoltenia.ro\/index.php\/wp-json\/wp\/v2\/posts"}],"about":[{"href":"https:\/\/www.apaoltenia.ro\/index.php\/wp-json\/wp\/v2\/types\/post"}],"author":[{"embeddable":true,"href":"https:\/\/www.apaoltenia.ro\/index.php\/wp-json\/wp\/v2\/users\/2"}],"replies":[{"embeddable":true,"href":"https:\/\/www.apaoltenia.ro\/index.php\/wp-json\/wp\/v2\/comments?post=3307"}],"version-history":[{"count":6,"href":"https:\/\/www.apaoltenia.ro\/index.php\/wp-json\/wp\/v2\/posts\/3307\/revisions"}],"predecessor-version":[{"id":3317,"href":"https:\/\/www.apaoltenia.ro\/index.php\/wp-json\/wp\/v2\/posts\/3307\/revisions\/3317"}],"wp:attachment":[{"href":"https:\/\/www.apaoltenia.ro\/index.php\/wp-json\/wp\/v2\/media?parent=3307"}],"wp:term":[{"taxonomy":"category","embeddable":true,"href":"https:\/\/www.apaoltenia.ro\/index.php\/wp-json\/wp\/v2\/categories?post=3307"},{"taxonomy":"post_tag","embeddable":true,"href":"https:\/\/www.apaoltenia.ro\/index.php\/wp-json\/wp\/v2\/tags?post=3307"}],"curies":[{"name":"wp","href":"https:\/\/api.w.org\/{rel}","templated":true}]}}