{"id":3297,"date":"2022-03-29T09:25:42","date_gmt":"2022-03-29T06:25:42","guid":{"rendered":"https:\/\/www.apaoltenia.ro\/?p=3297"},"modified":"2022-03-29T15:06:11","modified_gmt":"2022-03-29T12:06:11","slug":"anunt-oprire-statia-isalnita","status":"publish","type":"post","link":"https:\/\/www.apaoltenia.ro\/index.php\/2022\/03\/29\/anunt-oprire-statia-isalnita\/","title":{"rendered":"ANUN\u021a Oprire Sta\u021bia I\u0219alni\u021ba"},"content":{"rendered":"<p><strong><u>S.C. Compania de Ap\u0103 Oltenia SA anun\u021b\u0103 oprirea Sta\u021biei de Ap\u0103 I\u0219alni\u021ba de miercuri, 30.03.2022, ora 09.30, p\u00e2n\u0103 joi, 31.03.2022, ora 10.00. <\/u><\/strong><strong>Oprirea este necesar\u0103 \u00een vederea execut\u0103rii unor lucr\u0103ri de repara\u021bii pe aduc\u021biunea I\u0219alni\u021ba \u2013 \u0218imnic, dup\u0103 cum urmeaz\u0103:<\/strong><\/p>\n<p><strong>&#8211; remediere avarie Fir II I\u0219alni\u021ba, \u00een zona UM Pompieri I\u0219alni\u021ba;<\/strong><\/p>\n<p><strong>&#8211; remediere avarie Fir II I\u0219alni\u021ba, \u00een zona Sta\u021biunii Amaradia;<\/strong><\/p>\n<p><strong>&#8211; \u00eenlocuire leg\u0103tur\u0103 conduct\u0103 aerisire-dezaerisire \u00een zona B 800, pe Firul I I\u0219alni\u021ba<\/strong><\/p>\n<p><strong>&#8211; remediere avarie \u00een c\u0103minul vanei Dn 800 \u2013 zona B800<\/strong><\/p>\n<p>Vor fi afecta\u021bi de oprire utilizatorii de pe Firul I \u0219i Firul II I\u0219alni\u021ba:<\/p>\n<ul>\n<li>Penitenciarul Craiova \u2013 Sec\u021bia I\u0219alni\u021ba<\/li>\n<li>SC Transelectrica SA<\/li>\n<li>Utilizatorii de pe Platforma Doljchim<\/li>\n<li>Societ\u0103\u021bile EMILIANO, PICANORE, BABASCA, ADEPLAST, BADENIS TRADING, SANDRIO IMPEX, LIJI COM, BOREALIS \u0219i EUROBEST<\/li>\n<\/ul>\n<p>Aten\u021bion\u0103m utilizatorii de ap\u0103 potabil\u0103 din zonele men\u021bionate c\u0103, din cauza manevrelor de golire \u015fi umplere a sistemului public de alimentare cu ap\u0103 potabil\u0103, ocazional, se pot produce modific\u0103ri ale calit\u0103\u021bii apei potabile din punct de vedere al turbidit\u0103\u021bii \u015fi culorii. La apari\u021bia acestor fenomene se va evita consumul de ap\u0103 potabil\u0103, p\u00e2n\u0103 la limpezirea apei.<\/p>\n<p>Compania de Ap\u0103 Oltenia S.A., prin Laboratoarele de analiz\u0103 a apei potabile, va monitoriza permanent calitatea apei dup\u0103 repunerea \u00een func\u021biune a sistemului de distribu\u021bie.<\/p>\n<p>Ne cerem scuze pentru disconfortul creat \u015fi v\u0103 mul\u021bumim pentru \u00een\u021belegere.<\/p>\n<p>&nbsp;<\/p>\n","protected":false},"excerpt":{"rendered":"<p>S.C. Compania de Ap\u0103 Oltenia SA anun\u021b\u0103 oprirea Sta\u021biei de Ap\u0103 I\u0219alni\u021ba de miercuri, 30.03.2022, ora 09.30, p\u00e2n\u0103 joi, 31.03.2022, ora 10.00. Oprirea este necesar\u0103 \u00een vederea execut\u0103rii unor lucr\u0103ri de repara\u021bii pe aduc\u021biunea I\u0219alni\u021ba \u2013 \u0218imnic, dup\u0103 cum urmeaz\u0103: &#8211; remediere avarie Fir II I\u0219alni\u021ba, \u00een zona UM Pompieri I\u0219alni\u021ba; &#8211; remediere avarie Fir &hellip;<\/p>\n<p class=\"read-more\"> <a class=\"\" href=\"https:\/\/www.apaoltenia.ro\/index.php\/2022\/03\/29\/anunt-oprire-statia-isalnita\/\"> <span class=\"screen-reader-text\">ANUN\u021a Oprire Sta\u021bia I\u0219alni\u021ba<\/span> Read More &raquo;<\/a><\/p>\n","protected":false},"author":2,"featured_media":0,"comment_status":"closed","ping_status":"closed","sticky":false,"template":"","format":"standard","meta":[],"categories":[18],"tags":[],"_links":{"self":[{"href":"https:\/\/www.apaoltenia.ro\/index.php\/wp-json\/wp\/v2\/posts\/3297"}],"collection":[{"href":"https:\/\/www.apaoltenia.ro\/index.php\/wp-json\/wp\/v2\/posts"}],"about":[{"href":"https:\/\/www.apaoltenia.ro\/index.php\/wp-json\/wp\/v2\/types\/post"}],"author":[{"embeddable":true,"href":"https:\/\/www.apaoltenia.ro\/index.php\/wp-json\/wp\/v2\/users\/2"}],"replies":[{"embeddable":true,"href":"https:\/\/www.apaoltenia.ro\/index.php\/wp-json\/wp\/v2\/comments?post=3297"}],"version-history":[{"count":2,"href":"https:\/\/www.apaoltenia.ro\/index.php\/wp-json\/wp\/v2\/posts\/3297\/revisions"}],"predecessor-version":[{"id":3303,"href":"https:\/\/www.apaoltenia.ro\/index.php\/wp-json\/wp\/v2\/posts\/3297\/revisions\/3303"}],"wp:attachment":[{"href":"https:\/\/www.apaoltenia.ro\/index.php\/wp-json\/wp\/v2\/media?parent=3297"}],"wp:term":[{"taxonomy":"category","embeddable":true,"href":"https:\/\/www.apaoltenia.ro\/index.php\/wp-json\/wp\/v2\/categories?post=3297"},{"taxonomy":"post_tag","embeddable":true,"href":"https:\/\/www.apaoltenia.ro\/index.php\/wp-json\/wp\/v2\/tags?post=3297"}],"curies":[{"name":"wp","href":"https:\/\/api.w.org\/{rel}","templated":true}]}}