{"id":3064,"date":"2022-02-18T16:57:17","date_gmt":"2022-02-18T14:57:17","guid":{"rendered":"https:\/\/www.apaoltenia.ro\/?p=3064"},"modified":"2022-02-22T16:46:23","modified_gmt":"2022-02-22T14:46:23","slug":"anunt-se-intrerupe-alimentarea-cu-apa-in-zona-centrala-a-municipiului-craiova-marti-22-februarie","status":"publish","type":"post","link":"https:\/\/www.apaoltenia.ro\/index.php\/2022\/02\/18\/anunt-se-intrerupe-alimentarea-cu-apa-in-zona-centrala-a-municipiului-craiova-marti-22-februarie\/","title":{"rendered":"ANUN\u021a: Se \u00eentrerupe alimentarea cu ap\u0103 \u00een zona central\u0103 a municipiului Craiova, mar\u021bi, 22 februarie"},"content":{"rendered":"<p>\u00cen vederea lucr\u0103rilor de \u00eenlocuire a arm\u0103turilor de font\u0103 ale conductei cu diametrul de 100 mm (DN100) care alimenteaz\u0103 cu ap\u0103 zona central\u0103 a municipiului Craiova, dar \u0219i pentru montarea unei vane de separa\u021bie, <strong>S.C. Compania de Ap\u0103 Oltenia SA este nevoit\u0103 s\u0103 \u00eentrerup\u0103 alimentarea cu ap\u0103 potabil\u0103 \u00een Municipiul Craiova, <u>mar\u021bi, 22 februarie 2022, \u00een intervalul orar 10.00 \u2013 13.00<\/u>. <\/strong><\/p>\n<p><strong>Zonele afectate de oprire sunt:<\/strong><\/p>\n<ul>\n<li><strong>Perimetrul cuprins \u00eentre str\u0103zile Calea Bucure\u0219ti &#8211; A.I. Cuza \u2013 \u00cenfr\u0103\u021birii &#8211; Al. Macedonski &#8211; M. Vod\u0103 \u2013 Jie\u021bului \u2013 General Dragalina \u2013 Caracal &#8211; Ghe. Chi\u021bu \u2013 Unirii \u2013 Calea Bucure\u0219ti;<\/strong><\/li>\n<li><strong> Brestei \u2013 bloc K; <\/strong><\/li>\n<li><strong> Mihai Viteazul;<\/strong><\/li>\n<li><strong>SH Filarmonic\u0103.<\/strong><\/li>\n<\/ul>\n<p>Aten\u021bion\u0103m utilizatorii de ap\u0103 potabil\u0103 din zonele men\u021bionate c\u0103, din cauza manevrelor de golire \u015fi umplere a sistemului public de alimentare cu ap\u0103 potabil\u0103, ocazional, se pot produce modific\u0103ri ale calit\u0103\u021bii apei potabile din punct de vedere al turbidit\u0103\u021bii \u015fi culorii. La apari\u021bia acestor fenomene se va evita consumul de ap\u0103 potabil\u0103, p\u00e2n\u0103 la limpezirea apei.<\/p>\n<p>Compania de Ap\u0103 Oltenia S.A., prin Laboratoarele de analiz\u0103 a apei potabile, va monitoriza permanent calitatea apei dup\u0103 repunerea \u00een func\u021biune a sistemului de distribu\u021bie.<\/p>\n<p>Ne cerem scuze pentru disconfortul creat \u015fi v\u0103 mul\u021bumim pentru \u00een\u021belegere.<\/p>\n<p>&nbsp;<\/p>\n","protected":false},"excerpt":{"rendered":"<p>\u00cen vederea lucr\u0103rilor de \u00eenlocuire a arm\u0103turilor de font\u0103 ale conductei cu diametrul de 100 mm (DN100) care alimenteaz\u0103 cu ap\u0103 zona central\u0103 a municipiului Craiova, dar \u0219i pentru montarea unei vane de separa\u021bie, S.C. Compania de Ap\u0103 Oltenia SA este nevoit\u0103 s\u0103 \u00eentrerup\u0103 alimentarea cu ap\u0103 potabil\u0103 \u00een Municipiul Craiova, mar\u021bi, 22 februarie 2022, &hellip;<\/p>\n<p class=\"read-more\"> <a class=\"\" href=\"https:\/\/www.apaoltenia.ro\/index.php\/2022\/02\/18\/anunt-se-intrerupe-alimentarea-cu-apa-in-zona-centrala-a-municipiului-craiova-marti-22-februarie\/\"> <span class=\"screen-reader-text\">ANUN\u021a: Se \u00eentrerupe alimentarea cu ap\u0103 \u00een zona central\u0103 a municipiului Craiova, mar\u021bi, 22 februarie<\/span> Read More &raquo;<\/a><\/p>\n","protected":false},"author":2,"featured_media":0,"comment_status":"closed","ping_status":"closed","sticky":false,"template":"","format":"standard","meta":[],"categories":[18,24],"tags":[],"_links":{"self":[{"href":"https:\/\/www.apaoltenia.ro\/index.php\/wp-json\/wp\/v2\/posts\/3064"}],"collection":[{"href":"https:\/\/www.apaoltenia.ro\/index.php\/wp-json\/wp\/v2\/posts"}],"about":[{"href":"https:\/\/www.apaoltenia.ro\/index.php\/wp-json\/wp\/v2\/types\/post"}],"author":[{"embeddable":true,"href":"https:\/\/www.apaoltenia.ro\/index.php\/wp-json\/wp\/v2\/users\/2"}],"replies":[{"embeddable":true,"href":"https:\/\/www.apaoltenia.ro\/index.php\/wp-json\/wp\/v2\/comments?post=3064"}],"version-history":[{"count":1,"href":"https:\/\/www.apaoltenia.ro\/index.php\/wp-json\/wp\/v2\/posts\/3064\/revisions"}],"predecessor-version":[{"id":3065,"href":"https:\/\/www.apaoltenia.ro\/index.php\/wp-json\/wp\/v2\/posts\/3064\/revisions\/3065"}],"wp:attachment":[{"href":"https:\/\/www.apaoltenia.ro\/index.php\/wp-json\/wp\/v2\/media?parent=3064"}],"wp:term":[{"taxonomy":"category","embeddable":true,"href":"https:\/\/www.apaoltenia.ro\/index.php\/wp-json\/wp\/v2\/categories?post=3064"},{"taxonomy":"post_tag","embeddable":true,"href":"https:\/\/www.apaoltenia.ro\/index.php\/wp-json\/wp\/v2\/tags?post=3064"}],"curies":[{"name":"wp","href":"https:\/\/api.w.org\/{rel}","templated":true}]}}