{"id":2495,"date":"2021-11-05T16:30:58","date_gmt":"2021-11-05T14:30:58","guid":{"rendered":"https:\/\/www.apaoltenia.ro\/?p=2495"},"modified":"2021-11-05T16:32:26","modified_gmt":"2021-11-05T14:32:26","slug":"anunt-05-11-2021-ii","status":"publish","type":"post","link":"https:\/\/www.apaoltenia.ro\/index.php\/2021\/11\/05\/anunt-05-11-2021-ii\/","title":{"rendered":"ANUN\u021a 05.11.2021 (II)"},"content":{"rendered":"<p>     S.C. Compania de Ap\u0103 Oltenia S.A. informeaz\u0103 utilizatorii serviciului public de alimentare cu ap\u0103 potabil\u0103 c\u0103, <strong>\u00een perioada 09 \u2013 11 noiembrie 2021, \u00een intervalul orar 10.00 \u2013 13.00, vor fi efectuate lucr\u0103ri de sp\u0103lare \u2013 igienizare a re\u021belei de distribu\u021bie a apei potabile \u00een cartierele Valea Ro\u0219ie \u0219i S\u0103rari.<br \/>\n    \u00cen perioada acestor lucr\u0103ri se va reduce presiunea apei, iar \u00een data de 09.11.2021, \u00eentre orele 10.00 \u0219i 13.00, se va \u00eentrerupe alimentarea cu ap\u0103 \u00een cartierul Valea Ro\u0219ie. <\/strong><br \/>\n     Aten\u021bion\u0103m utilizatorii de ap\u0103 potabil\u0103 din zonele men\u021bionate c\u0103, din cauza manevrelor de golire \u015fi umplere a sistemului public de alimentare cu ap\u0103 potabil\u0103, ocazional, se pot produce modific\u0103ri ale calit\u0103\u021bii apei potabile din punct de vedere al turbidit\u0103\u021bii \u015fi culorii. La apari\u021bia acestor fenomene se va evita consumul de ap\u0103 potabil\u0103, p\u00e2n\u0103 la limpezire.<br \/>\n     Compania de Ap\u0103 Oltenia S.A., prin laboratoarele de analiz\u0103 a apei potabile, va monitoriza permanent calitatea apei dup\u0103 repunerea \u00een func\u021biune a sistemului.<br \/>\n     Ne cerem scuze pentru disconfortul creat \u0219i v\u0103 mul\u021bumim pentru \u00een\u021belegere.<\/p>\n","protected":false},"excerpt":{"rendered":"<p>S.C. Compania de Ap\u0103 Oltenia S.A. informeaz\u0103 utilizatorii serviciului public de alimentare cu ap\u0103 potabil\u0103 c\u0103, \u00een perioada 09 \u2013 11 noiembrie 2021, \u00een intervalul orar 10.00 \u2013 13.00, vor fi efectuate lucr\u0103ri de sp\u0103lare \u2013 igienizare a re\u021belei de distribu\u021bie a apei potabile \u00een cartierele Valea Ro\u0219ie \u0219i S\u0103rari. \u00cen perioada acestor lucr\u0103ri se &hellip;<\/p>\n<p class=\"read-more\"> <a class=\"\" href=\"https:\/\/www.apaoltenia.ro\/index.php\/2021\/11\/05\/anunt-05-11-2021-ii\/\"> <span class=\"screen-reader-text\">ANUN\u021a 05.11.2021 (II)<\/span> Read More &raquo;<\/a><\/p>\n","protected":false},"author":2,"featured_media":0,"comment_status":"closed","ping_status":"closed","sticky":false,"template":"","format":"standard","meta":[],"categories":[18,24],"tags":[],"_links":{"self":[{"href":"https:\/\/www.apaoltenia.ro\/index.php\/wp-json\/wp\/v2\/posts\/2495"}],"collection":[{"href":"https:\/\/www.apaoltenia.ro\/index.php\/wp-json\/wp\/v2\/posts"}],"about":[{"href":"https:\/\/www.apaoltenia.ro\/index.php\/wp-json\/wp\/v2\/types\/post"}],"author":[{"embeddable":true,"href":"https:\/\/www.apaoltenia.ro\/index.php\/wp-json\/wp\/v2\/users\/2"}],"replies":[{"embeddable":true,"href":"https:\/\/www.apaoltenia.ro\/index.php\/wp-json\/wp\/v2\/comments?post=2495"}],"version-history":[{"count":2,"href":"https:\/\/www.apaoltenia.ro\/index.php\/wp-json\/wp\/v2\/posts\/2495\/revisions"}],"predecessor-version":[{"id":2497,"href":"https:\/\/www.apaoltenia.ro\/index.php\/wp-json\/wp\/v2\/posts\/2495\/revisions\/2497"}],"wp:attachment":[{"href":"https:\/\/www.apaoltenia.ro\/index.php\/wp-json\/wp\/v2\/media?parent=2495"}],"wp:term":[{"taxonomy":"category","embeddable":true,"href":"https:\/\/www.apaoltenia.ro\/index.php\/wp-json\/wp\/v2\/categories?post=2495"},{"taxonomy":"post_tag","embeddable":true,"href":"https:\/\/www.apaoltenia.ro\/index.php\/wp-json\/wp\/v2\/tags?post=2495"}],"curies":[{"name":"wp","href":"https:\/\/api.w.org\/{rel}","templated":true}]}}