{"id":1962,"date":"2021-09-08T15:55:59","date_gmt":"2021-09-08T12:55:59","guid":{"rendered":"https:\/\/www.apaoltenia.ro\/?p=1962"},"modified":"2021-09-08T15:55:59","modified_gmt":"2021-09-08T12:55:59","slug":"anunt-08-09-2021","status":"publish","type":"post","link":"https:\/\/www.apaoltenia.ro\/index.php\/2021\/09\/08\/anunt-08-09-2021\/","title":{"rendered":"ANUN\u021a 08.09.2021"},"content":{"rendered":"<p>   Din cauza unei avarii ap\u0103rute la conducta de aduc\u021biune a apei potabile Isvarna \u2013 Craiova, pe raza comunei \u021a\u00e2n\u021b\u0103reni, jude\u021bul Gorj, <strong>S.C. Compania de Ap\u0103 Oltenia S.A. este nevoit\u0103 s\u0103 treac\u0103 la manevre de reducere a presiunii apei potabile ast\u0103zi, 08.09.2021, \u00een vederea execut\u0103rii lucr\u0103rilor de remediere.<\/strong><br \/>\n  <strong>Vor fi afectate urm\u0103toarele localit\u0103\u021bi de pe traseul aduc\u021biunii: \u021a\u00e2n\u021b\u0103reni, Br\u0103ne\u0219ti, Plop\u0219oru, B\u00e2lteni, din jude\u021bul Gorj, precum \u0219i Filia\u0219i, Br\u0103de\u0219ti, Co\u021bofenii din Fa\u021b\u0103, Co\u021bofenii din Dos, Bralo\u0219ti\u021ba \u0219i Alm\u0103j, din jude\u021bul Dolj.<br \/>\n   Echipele operative ale Companiei de Ap\u0103 Oltenia intervin la fa\u021ba locului pentru finalizarea repara\u021biilor \u00een cel mai scurt timp.<br \/>\n   Alimentarea cu ap\u0103 \u00een municipiul Craiova nu este afectat\u0103.<\/strong><br \/>\n   Compania de Ap\u0103 Oltenia S.A., prin Laboratoarele de analiz\u0103 a apei potabile, va monitoriza permanent calitatea apei dup\u0103 repunerea \u00een func\u021biune a sistemului de distribu\u021bie.<br \/>\n   Ne cerem scuze pentru disconfortul creat \u015fi v\u0103 mul\u021bumim pentru \u00een\u021belegere.<\/p>\n","protected":false},"excerpt":{"rendered":"<p>Din cauza unei avarii ap\u0103rute la conducta de aduc\u021biune a apei potabile Isvarna \u2013 Craiova, pe raza comunei \u021a\u00e2n\u021b\u0103reni, jude\u021bul Gorj, S.C. Compania de Ap\u0103 Oltenia S.A. este nevoit\u0103 s\u0103 treac\u0103 la manevre de reducere a presiunii apei potabile ast\u0103zi, 08.09.2021, \u00een vederea execut\u0103rii lucr\u0103rilor de remediere. Vor fi afectate urm\u0103toarele localit\u0103\u021bi de pe traseul &hellip;<\/p>\n<p class=\"read-more\"> <a class=\"\" href=\"https:\/\/www.apaoltenia.ro\/index.php\/2021\/09\/08\/anunt-08-09-2021\/\"> <span class=\"screen-reader-text\">ANUN\u021a 08.09.2021<\/span> Read More &raquo;<\/a><\/p>\n","protected":false},"author":2,"featured_media":0,"comment_status":"closed","ping_status":"closed","sticky":false,"template":"","format":"standard","meta":[],"categories":[18,24],"tags":[],"_links":{"self":[{"href":"https:\/\/www.apaoltenia.ro\/index.php\/wp-json\/wp\/v2\/posts\/1962"}],"collection":[{"href":"https:\/\/www.apaoltenia.ro\/index.php\/wp-json\/wp\/v2\/posts"}],"about":[{"href":"https:\/\/www.apaoltenia.ro\/index.php\/wp-json\/wp\/v2\/types\/post"}],"author":[{"embeddable":true,"href":"https:\/\/www.apaoltenia.ro\/index.php\/wp-json\/wp\/v2\/users\/2"}],"replies":[{"embeddable":true,"href":"https:\/\/www.apaoltenia.ro\/index.php\/wp-json\/wp\/v2\/comments?post=1962"}],"version-history":[{"count":1,"href":"https:\/\/www.apaoltenia.ro\/index.php\/wp-json\/wp\/v2\/posts\/1962\/revisions"}],"predecessor-version":[{"id":1963,"href":"https:\/\/www.apaoltenia.ro\/index.php\/wp-json\/wp\/v2\/posts\/1962\/revisions\/1963"}],"wp:attachment":[{"href":"https:\/\/www.apaoltenia.ro\/index.php\/wp-json\/wp\/v2\/media?parent=1962"}],"wp:term":[{"taxonomy":"category","embeddable":true,"href":"https:\/\/www.apaoltenia.ro\/index.php\/wp-json\/wp\/v2\/categories?post=1962"},{"taxonomy":"post_tag","embeddable":true,"href":"https:\/\/www.apaoltenia.ro\/index.php\/wp-json\/wp\/v2\/tags?post=1962"}],"curies":[{"name":"wp","href":"https:\/\/api.w.org\/{rel}","templated":true}]}}