{"id":14023,"date":"2026-09-03T08:55:31","date_gmt":"2026-09-03T05:55:31","guid":{"rendered":"https:\/\/www.apaoltenia.ro\/?p=14023"},"modified":"2026-09-03T14:33:57","modified_gmt":"2026-09-03T11:33:57","slug":"interventii-03-09-2026","status":"publish","type":"post","link":"https:\/\/www.apaoltenia.ro\/index.php\/2026\/09\/03\/interventii-03-09-2026\/","title":{"rendered":"Interventii 03.09.2026"},"content":{"rendered":"<div class=\"x_elementToProof\" data-olk-copy-source=\"MessageBody\">\n<div class=\"x_elementToProof\" data-olk-copy-source=\"MessageBody\">&#8211; Calea Bucuresti &#8211; Universitate &#8211; sondaj<\/div>\n<div class=\"x_elementToProof\">&#8211; Str. Giuseppe Verdi, nr. 20-conducta sparta in strada<\/div>\n<div class=\"x_elementToProof\"><strong>&#8211; Str. Imparatul Traian, bl. P2-3 &#8211; contorizare. \u00cen ederea execut\u0103rii lucr\u0103rilor se \u00eentrerupe alimentarea cu ap\u0103, \u00een intervalul orar 11.00 &#8211; 12.00, afecta\u021bi fiind utilizatorii alimenta\u021bi din PT Obor &#8211; Spania<\/strong><\/div>\n<div class=\"x_elementToProof\">&#8211; Str. Imparatul Traian, bl. M40 &#8211; cuplare conducta<\/div>\n<div><span data-olk-copy-source=\"MessageBody\">&#8211; Aleea I Simnic, nr.20C &#8211; conducta sparta in strada\u00a0<\/span><\/div>\n<div><strong>&#8211; Str. 1 Decembrie 1918, bl A18 &#8211; interven\u021bie re\u021bea ap\u0103. \u00cen vederea execut\u0103rii lucr\u0103rilor se \u00eentrerupe alimentarea cu ap\u0103 din PT15 Brazd\u0103, \u00een intervalul orar 10.45 &#8211; 11.45, afecta\u021bi fiind utilizatorii din blocurile alimentate de la PT15 Brazd\u0103<\/strong><\/div>\n<div>&#8211;<strong> Str. Bechetului, comuna Malu Mare\u2013 avarie re\u021bea ap\u0103. \u00cen vederea lucr\u0103rilor de remediere se \u00eentrerupe alimentarea cu ap\u0103, \u00eencep\u00e2nd cu ora 14.30 \u0219i p\u00e2n\u0103 la \u00eencheierea repara\u021biilor, afecta\u021bi fiind utilizatorii din comuna Malu Mare. Echipele Companiei de Ap\u0103 Oltenia depun toate eforturile pentru reluarea aliment\u0103rii cu ap\u0103 \u00een cel mai scurt timp posibil.<\/strong><\/div>\n<div><\/div>\n<\/div>\n","protected":false},"excerpt":{"rendered":"<p>&#8211; Calea Bucuresti &#8211; Universitate &#8211; sondaj &#8211; Str. Giuseppe Verdi, nr. 20-conducta sparta in strada &#8211; Str. Imparatul Traian, bl. P2-3 &#8211; contorizare. \u00cen ederea execut\u0103rii lucr\u0103rilor se \u00eentrerupe alimentarea cu ap\u0103, \u00een intervalul orar 11.00 &#8211; 12.00, afecta\u021bi fiind utilizatorii alimenta\u021bi din PT Obor &#8211; Spania &#8211; Str. Imparatul Traian, bl. M40 &#8211; &hellip;<\/p>\n<p class=\"read-more\"> <a class=\"\" href=\"https:\/\/www.apaoltenia.ro\/index.php\/2026\/09\/03\/interventii-03-09-2026\/\"> <span class=\"screen-reader-text\">Interventii 03.09.2026<\/span> Read More &raquo;<\/a><\/p>\n","protected":false},"author":2,"featured_media":0,"comment_status":"closed","ping_status":"closed","sticky":false,"template":"","format":"standard","meta":[],"categories":[25],"tags":[],"_links":{"self":[{"href":"https:\/\/www.apaoltenia.ro\/index.php\/wp-json\/wp\/v2\/posts\/14023"}],"collection":[{"href":"https:\/\/www.apaoltenia.ro\/index.php\/wp-json\/wp\/v2\/posts"}],"about":[{"href":"https:\/\/www.apaoltenia.ro\/index.php\/wp-json\/wp\/v2\/types\/post"}],"author":[{"embeddable":true,"href":"https:\/\/www.apaoltenia.ro\/index.php\/wp-json\/wp\/v2\/users\/2"}],"replies":[{"embeddable":true,"href":"https:\/\/www.apaoltenia.ro\/index.php\/wp-json\/wp\/v2\/comments?post=14023"}],"version-history":[{"count":5,"href":"https:\/\/www.apaoltenia.ro\/index.php\/wp-json\/wp\/v2\/posts\/14023\/revisions"}],"predecessor-version":[{"id":14029,"href":"https:\/\/www.apaoltenia.ro\/index.php\/wp-json\/wp\/v2\/posts\/14023\/revisions\/14029"}],"wp:attachment":[{"href":"https:\/\/www.apaoltenia.ro\/index.php\/wp-json\/wp\/v2\/media?parent=14023"}],"wp:term":[{"taxonomy":"category","embeddable":true,"href":"https:\/\/www.apaoltenia.ro\/index.php\/wp-json\/wp\/v2\/categories?post=14023"},{"taxonomy":"post_tag","embeddable":true,"href":"https:\/\/www.apaoltenia.ro\/index.php\/wp-json\/wp\/v2\/tags?post=14023"}],"curies":[{"name":"wp","href":"https:\/\/api.w.org\/{rel}","templated":true}]}}