{"id":1339,"date":"2021-08-10T12:34:18","date_gmt":"2021-08-10T09:34:18","guid":{"rendered":"https:\/\/www.apaoltenia.ro\/?p=1339"},"modified":"2021-08-10T12:34:18","modified_gmt":"2021-08-10T09:34:18","slug":"anunt-intrerupere-alimentare-cu-apa-in-data-de-12-08-2021-calea-severinului","status":"publish","type":"post","link":"https:\/\/www.apaoltenia.ro\/index.php\/2021\/08\/10\/anunt-intrerupere-alimentare-cu-apa-in-data-de-12-08-2021-calea-severinului\/","title":{"rendered":"ANUN\u021a \u00centrerupere alimentare cu apa \u00een data de 12.08.2021 &#8211; Calea Severinului"},"content":{"rendered":"<p><strong>S.C. Compania de Ap\u0103 Oltenia S.A. anun\u021b\u0103 \u00eentreruperea furniz\u0103rii apei potabile \u00een Municipiul Craiova, \u00een data de 12 august 2021, \u00eentre orele 11:00 \u2013 15:00, pe Calea Severinului, segmentul de la intersec\u021bia cu Strada Pelendava p\u00e2n\u0103 la Centura de Nord a Craiovei, inclusiv \u00een Cartierul Izvorul Rece.<\/strong><\/p>\n<p>Motivul \u00eentreruperii furniz\u0103rii apei potabile este efectuarea cupl\u0103rii instala\u0163iei interioare de ap\u0103 a magazinului JUMBO la conducta de ap\u0103 cu diametrul de 400 mm.<\/p>\n<p>\t<strong>Zona afectat\u0103:<br \/>\n\u2022\tCalea Severinului \u0219i str\u0103zile adiacente, zona cuprins\u0103 \u00eentre Centura de Nord a ora\u0219ului \u0219i strada Pelendava;<br \/>\n\u2022\tCartier Izvorul Rece.<\/strong><\/p>\n<p>\tCompania de Ap\u0103 Oltenia S.A. prin Laboratoarele de analiz\u0103 a apei potabile, va monitoriza permanent calitatea apei dup\u0103 repunerea \u00een func\u021biune a sistemului de distribu\u021bie.<\/p>\n<p>Ne cerem scuze pentru disconfortul creat \u015fi v\u0103 mul\u021bumim pentru \u00een\u021belegere.<\/p>\n","protected":false},"excerpt":{"rendered":"<p>S.C. Compania de Ap\u0103 Oltenia S.A. anun\u021b\u0103 \u00eentreruperea furniz\u0103rii apei potabile \u00een Municipiul Craiova, \u00een data de 12 august 2021, \u00eentre orele 11:00 \u2013 15:00, pe Calea Severinului, segmentul de la intersec\u021bia cu Strada Pelendava p\u00e2n\u0103 la Centura de Nord a Craiovei, inclusiv \u00een Cartierul Izvorul Rece. Motivul \u00eentreruperii furniz\u0103rii apei potabile este efectuarea cupl\u0103rii &hellip;<\/p>\n<p class=\"read-more\"> <a class=\"\" href=\"https:\/\/www.apaoltenia.ro\/index.php\/2021\/08\/10\/anunt-intrerupere-alimentare-cu-apa-in-data-de-12-08-2021-calea-severinului\/\"> <span class=\"screen-reader-text\">ANUN\u021a \u00centrerupere alimentare cu apa \u00een data de 12.08.2021 &#8211; Calea Severinului<\/span> Read More &raquo;<\/a><\/p>\n","protected":false},"author":2,"featured_media":0,"comment_status":"closed","ping_status":"closed","sticky":false,"template":"","format":"standard","meta":[],"categories":[18,24],"tags":[],"_links":{"self":[{"href":"https:\/\/www.apaoltenia.ro\/index.php\/wp-json\/wp\/v2\/posts\/1339"}],"collection":[{"href":"https:\/\/www.apaoltenia.ro\/index.php\/wp-json\/wp\/v2\/posts"}],"about":[{"href":"https:\/\/www.apaoltenia.ro\/index.php\/wp-json\/wp\/v2\/types\/post"}],"author":[{"embeddable":true,"href":"https:\/\/www.apaoltenia.ro\/index.php\/wp-json\/wp\/v2\/users\/2"}],"replies":[{"embeddable":true,"href":"https:\/\/www.apaoltenia.ro\/index.php\/wp-json\/wp\/v2\/comments?post=1339"}],"version-history":[{"count":1,"href":"https:\/\/www.apaoltenia.ro\/index.php\/wp-json\/wp\/v2\/posts\/1339\/revisions"}],"predecessor-version":[{"id":1340,"href":"https:\/\/www.apaoltenia.ro\/index.php\/wp-json\/wp\/v2\/posts\/1339\/revisions\/1340"}],"wp:attachment":[{"href":"https:\/\/www.apaoltenia.ro\/index.php\/wp-json\/wp\/v2\/media?parent=1339"}],"wp:term":[{"taxonomy":"category","embeddable":true,"href":"https:\/\/www.apaoltenia.ro\/index.php\/wp-json\/wp\/v2\/categories?post=1339"},{"taxonomy":"post_tag","embeddable":true,"href":"https:\/\/www.apaoltenia.ro\/index.php\/wp-json\/wp\/v2\/tags?post=1339"}],"curies":[{"name":"wp","href":"https:\/\/api.w.org\/{rel}","templated":true}]}}