{"id":1337,"date":"2021-08-10T11:48:52","date_gmt":"2021-08-10T08:48:52","guid":{"rendered":"https:\/\/www.apaoltenia.ro\/?p=1337"},"modified":"2021-08-10T11:48:52","modified_gmt":"2021-08-10T08:48:52","slug":"anunt-10-08-2021","status":"publish","type":"post","link":"https:\/\/www.apaoltenia.ro\/index.php\/2021\/08\/10\/anunt-10-08-2021\/","title":{"rendered":"ANUN\u021a 10.08.2021"},"content":{"rendered":"<p>SC Compania de Ap\u0103 Oltenia SA anun\u021b\u0103 faptul c\u0103, din cauza unor avarii ale distribuitorului de energie electric\u0103, CEZ, este \u00eentrerupt\u0103 alimentarea cu ap\u0103 a utilizatorilor din localit\u0103\u021bile \u0218imnicul de Sus, Pleni\u021ba, Caraula si Valea Orodelului.<br \/>\nEchipele CEZ intervin pentru remedierea defec\u021biunilor.<br \/>\nNe cerem scuze pentru disconfortul creat, \u00eens\u0103 problemele apar\u021bin distribuitorului de energie electric\u0103 nu Companiei de Ap\u0103 Oltenia.<\/p>\n","protected":false},"excerpt":{"rendered":"<p>SC Compania de Ap\u0103 Oltenia SA anun\u021b\u0103 faptul c\u0103, din cauza unor avarii ale distribuitorului de energie electric\u0103, CEZ, este \u00eentrerupt\u0103 alimentarea cu ap\u0103 a utilizatorilor din localit\u0103\u021bile \u0218imnicul de Sus, Pleni\u021ba, Caraula si Valea Orodelului. Echipele CEZ intervin pentru remedierea defec\u021biunilor. Ne cerem scuze pentru disconfortul creat, \u00eens\u0103 problemele apar\u021bin distribuitorului de energie electric\u0103 &hellip;<\/p>\n<p class=\"read-more\"> <a class=\"\" href=\"https:\/\/www.apaoltenia.ro\/index.php\/2021\/08\/10\/anunt-10-08-2021\/\"> <span class=\"screen-reader-text\">ANUN\u021a 10.08.2021<\/span> Read More &raquo;<\/a><\/p>\n","protected":false},"author":2,"featured_media":0,"comment_status":"closed","ping_status":"closed","sticky":false,"template":"","format":"standard","meta":[],"categories":[18,24],"tags":[],"_links":{"self":[{"href":"https:\/\/www.apaoltenia.ro\/index.php\/wp-json\/wp\/v2\/posts\/1337"}],"collection":[{"href":"https:\/\/www.apaoltenia.ro\/index.php\/wp-json\/wp\/v2\/posts"}],"about":[{"href":"https:\/\/www.apaoltenia.ro\/index.php\/wp-json\/wp\/v2\/types\/post"}],"author":[{"embeddable":true,"href":"https:\/\/www.apaoltenia.ro\/index.php\/wp-json\/wp\/v2\/users\/2"}],"replies":[{"embeddable":true,"href":"https:\/\/www.apaoltenia.ro\/index.php\/wp-json\/wp\/v2\/comments?post=1337"}],"version-history":[{"count":1,"href":"https:\/\/www.apaoltenia.ro\/index.php\/wp-json\/wp\/v2\/posts\/1337\/revisions"}],"predecessor-version":[{"id":1338,"href":"https:\/\/www.apaoltenia.ro\/index.php\/wp-json\/wp\/v2\/posts\/1337\/revisions\/1338"}],"wp:attachment":[{"href":"https:\/\/www.apaoltenia.ro\/index.php\/wp-json\/wp\/v2\/media?parent=1337"}],"wp:term":[{"taxonomy":"category","embeddable":true,"href":"https:\/\/www.apaoltenia.ro\/index.php\/wp-json\/wp\/v2\/categories?post=1337"},{"taxonomy":"post_tag","embeddable":true,"href":"https:\/\/www.apaoltenia.ro\/index.php\/wp-json\/wp\/v2\/tags?post=1337"}],"curies":[{"name":"wp","href":"https:\/\/api.w.org\/{rel}","templated":true}]}}