{"id":12993,"date":"2026-03-17T10:15:49","date_gmt":"2026-03-17T08:15:49","guid":{"rendered":"https:\/\/www.apaoltenia.ro\/?p=12993"},"modified":"2026-03-17T10:15:49","modified_gmt":"2026-03-17T08:15:49","slug":"anunt-igienizare-rezervoare-de-apa-potabila-in-zona-balteni-telesti","status":"publish","type":"post","link":"https:\/\/www.apaoltenia.ro\/index.php\/2026\/03\/17\/anunt-igienizare-rezervoare-de-apa-potabila-in-zona-balteni-telesti\/","title":{"rendered":"ANUN\u021a IGIENIZARE REZERVOARE DE AP\u0102 POTABIL\u0102 \u00ceN ZONA B\u00c2LTENI &#8211; TELE\u0218TI"},"content":{"rendered":"<p><strong>S.C. Compania de Ap\u0103 Oltenia S.A. informeaz\u0103 utilizatorii serviciului public de alimentare cu ap\u0103 potabil\u0103 c\u0103, \u00een perioada 18 \u2013 23.03.2026, vor fi efectuate lucr\u0103rile de sp\u0103lare \u2013 igienizare a rezervoarelor de ap\u0103 potabil\u0103 din zona B\u00e2lteni \u2013 Tele\u0219ti, \u00een jude\u021bul Gorj, dup\u0103 urm\u0103torul program:<\/strong><\/p>\n<p><strong><u>&#8211; Miercuri, 18.03.2026 \u2013 se igienizeaz\u0103 rezervorul de 300 m.c. din satul Moi, comuna B\u00e2lteni, f\u0103r\u0103 s\u0103 fie afectat\u0103 alimentarea cu ap\u0103 a utilizatorilor;<\/u><\/strong><\/p>\n<p><strong><u>&#8211; Joi, 19.03.2026 \u2013 se igienizeaz\u0103 rezervorul de 500 m.c. din satul Moi, comuna B\u00e2lteni, f\u0103r\u0103 s\u0103 fie afectat\u0103 alimentarea cu ap\u0103 a utilizatorilor;<\/u><\/strong><\/p>\n<p><strong><u>&#8211; Vineri, 20.03.2026 \u2013 se igienizeaz\u0103 rezervorul de 80 m.c. din satul Moi, comuna B\u00e2lteni, f\u0103r\u0103 s\u0103 fie afectat\u0103 alimentarea cu ap\u0103 a utilizatorilor;<\/u><\/strong><\/p>\n<p><strong><u>&#8211; Luni, 23.03.2026 \u2013 se igienizeaz\u0103 rezervorul de 400 m.c. din satul Tele\u0219ti, comuna Tele\u0219ti, pe perioada lucr\u0103rilor fiind necesar\u0103 \u00eentreruperea aliment\u0103rii cu ap\u0103 a utilizatorilor din satul Tele\u0219ti \u2013 Mo\u0219neni. Echipele Companiei de Ap\u0103 Oltenia vor depune toate eforturile pentru reluarea aliment\u0103rii cu ap\u0103 \u00een cel mai scurt timp posibil.<\/u><\/strong><\/p>\n<p>Aten\u021bion\u0103m utilizatorii de ap\u0103 potabil\u0103 din zonele men\u021bionate c\u0103, din cauza manevrelor de golire \u015fi umplere a sistemului public de alimentare cu ap\u0103 potabil\u0103, ocazional, se pot produce modific\u0103ri ale calit\u0103\u021bii apei potabile din punct de vedere al turbidit\u0103\u021bii. La apari\u021bia acestor fenomene se va evita consumul de ap\u0103 potabil\u0103, p\u00e2n\u0103 la limpezire.<\/p>\n<p>Compania de Ap\u0103 Oltenia S.A., prin laboratoarele de analiz\u0103 a apei potabile, va monitoriza permanent calitatea apei dup\u0103 repunerea \u00een func\u021biune a sistemului.<\/p>\n<p>Ne cerem scuze pentru disconfortul creat \u0219i v\u0103 mul\u021bumim pentru \u00een\u021belegere.<\/p>\n<p><strong>\u00a0<\/strong><\/p>\n","protected":false},"excerpt":{"rendered":"<p>S.C. Compania de Ap\u0103 Oltenia S.A. informeaz\u0103 utilizatorii serviciului public de alimentare cu ap\u0103 potabil\u0103 c\u0103, \u00een perioada 18 \u2013 23.03.2026, vor fi efectuate lucr\u0103rile de sp\u0103lare \u2013 igienizare a rezervoarelor de ap\u0103 potabil\u0103 din zona B\u00e2lteni \u2013 Tele\u0219ti, \u00een jude\u021bul Gorj, dup\u0103 urm\u0103torul program: &#8211; Miercuri, 18.03.2026 \u2013 se igienizeaz\u0103 rezervorul de 300 m.c. &hellip;<\/p>\n<p class=\"read-more\"> <a class=\"\" href=\"https:\/\/www.apaoltenia.ro\/index.php\/2026\/03\/17\/anunt-igienizare-rezervoare-de-apa-potabila-in-zona-balteni-telesti\/\"> <span class=\"screen-reader-text\">ANUN\u021a IGIENIZARE REZERVOARE DE AP\u0102 POTABIL\u0102 \u00ceN ZONA B\u00c2LTENI &#8211; TELE\u0218TI<\/span> Read More &raquo;<\/a><\/p>\n","protected":false},"author":2,"featured_media":0,"comment_status":"closed","ping_status":"closed","sticky":false,"template":"","format":"standard","meta":[],"categories":[18,24],"tags":[],"_links":{"self":[{"href":"https:\/\/www.apaoltenia.ro\/index.php\/wp-json\/wp\/v2\/posts\/12993"}],"collection":[{"href":"https:\/\/www.apaoltenia.ro\/index.php\/wp-json\/wp\/v2\/posts"}],"about":[{"href":"https:\/\/www.apaoltenia.ro\/index.php\/wp-json\/wp\/v2\/types\/post"}],"author":[{"embeddable":true,"href":"https:\/\/www.apaoltenia.ro\/index.php\/wp-json\/wp\/v2\/users\/2"}],"replies":[{"embeddable":true,"href":"https:\/\/www.apaoltenia.ro\/index.php\/wp-json\/wp\/v2\/comments?post=12993"}],"version-history":[{"count":1,"href":"https:\/\/www.apaoltenia.ro\/index.php\/wp-json\/wp\/v2\/posts\/12993\/revisions"}],"predecessor-version":[{"id":12994,"href":"https:\/\/www.apaoltenia.ro\/index.php\/wp-json\/wp\/v2\/posts\/12993\/revisions\/12994"}],"wp:attachment":[{"href":"https:\/\/www.apaoltenia.ro\/index.php\/wp-json\/wp\/v2\/media?parent=12993"}],"wp:term":[{"taxonomy":"category","embeddable":true,"href":"https:\/\/www.apaoltenia.ro\/index.php\/wp-json\/wp\/v2\/categories?post=12993"},{"taxonomy":"post_tag","embeddable":true,"href":"https:\/\/www.apaoltenia.ro\/index.php\/wp-json\/wp\/v2\/tags?post=12993"}],"curies":[{"name":"wp","href":"https:\/\/api.w.org\/{rel}","templated":true}]}}