{"id":12981,"date":"2026-03-13T15:56:43","date_gmt":"2026-03-13T13:56:43","guid":{"rendered":"https:\/\/www.apaoltenia.ro\/?p=12981"},"modified":"2026-03-13T15:56:43","modified_gmt":"2026-03-13T13:56:43","slug":"anunt-intrerupere-alimentare-cu-apa-in-municipiul-craiova-miercuri-18-03-2026","status":"publish","type":"post","link":"https:\/\/www.apaoltenia.ro\/index.php\/2026\/03\/13\/anunt-intrerupere-alimentare-cu-apa-in-municipiul-craiova-miercuri-18-03-2026\/","title":{"rendered":"ANUN\u021a \u00ceNTRERUPERE ALIMENTARE CU AP\u0102 \u00ceN MUNICIPIUL CRAIOVA, MIERCURI, 18.03.2026"},"content":{"rendered":"<p><strong>\u00a0\u00a0\u00a0\u00a0 \u00cen vederea execut\u0103rii unor lucr\u0103ri la re\u021beaua de distribu\u021bie a apei (montare vane sectorizare), Compania de Ap\u0103 Oltenia S.A. anun\u021b\u0103 <u>\u00eentreruperea aliment\u0103rii cu ap\u0103 potabil\u0103, MIERCURI, 18.03.2026, \u00een intervalul orar 10.00 \u2013 13.00, afecta\u021bi fiind utilizatorii din zona cuprins\u0103 \u00een perimetrul str\u0103zilor Calea Bucure\u0219ti \u2013 Brestei \u2013 Bibescu \u2013 Mihai Viteazul \u2013 Ion Maiorescu \u2013 Matei Basarab \u2013 Gheorghe Doja \u2013 Unirii \u2013 Gheorghe Chi\u021bu \u2013 Caracal \u2013 Matei Millo \u2013 General Dragalina \u2013 Arie\u0219 \u2013 Calea Bucure\u0219ti, din municipiul Craiova.<\/u><\/strong><\/p>\n<p>Aten\u021bion\u0103m utilizatorii de ap\u0103 potabil\u0103 din zonele men\u021bionate c\u0103, din cauza manevrelor de golire \u015fi umplere a sistemului public de alimentare cu ap\u0103 potabil\u0103, ocazional, se pot produce modific\u0103ri ale calit\u0103\u021bii apei potabile din punct de vedere al turbidit\u0103\u021bii. La apari\u021bia acestor fenomene se va evita consumul de ap\u0103 potabil\u0103, p\u00e2n\u0103 la limpezirea apei. Compania de Ap\u0103 Oltenia S.A., prin Laboratorul de Monitorizare a Calit\u0103\u021bii Apei Potabile, va monitoriza permanent calitatea apei dup\u0103 repunerea \u00een func\u021biune a sistemului de distribu\u021bie.<\/p>\n<p>Ne cerem scuze pentru disconfortul creat \u0219i v\u0103 mul\u021bumim pentru \u00een\u021belegere.<\/p>\n","protected":false},"excerpt":{"rendered":"<p>\u00a0\u00a0\u00a0\u00a0 \u00cen vederea execut\u0103rii unor lucr\u0103ri la re\u021beaua de distribu\u021bie a apei (montare vane sectorizare), Compania de Ap\u0103 Oltenia S.A. anun\u021b\u0103 \u00eentreruperea aliment\u0103rii cu ap\u0103 potabil\u0103, MIERCURI, 18.03.2026, \u00een intervalul orar 10.00 \u2013 13.00, afecta\u021bi fiind utilizatorii din zona cuprins\u0103 \u00een perimetrul str\u0103zilor Calea Bucure\u0219ti \u2013 Brestei \u2013 Bibescu \u2013 Mihai Viteazul \u2013 Ion Maiorescu &hellip;<\/p>\n<p class=\"read-more\"> <a class=\"\" href=\"https:\/\/www.apaoltenia.ro\/index.php\/2026\/03\/13\/anunt-intrerupere-alimentare-cu-apa-in-municipiul-craiova-miercuri-18-03-2026\/\"> <span class=\"screen-reader-text\">ANUN\u021a \u00ceNTRERUPERE ALIMENTARE CU AP\u0102 \u00ceN MUNICIPIUL CRAIOVA, MIERCURI, 18.03.2026<\/span> Read More &raquo;<\/a><\/p>\n","protected":false},"author":2,"featured_media":0,"comment_status":"closed","ping_status":"closed","sticky":false,"template":"","format":"standard","meta":[],"categories":[18,24],"tags":[],"_links":{"self":[{"href":"https:\/\/www.apaoltenia.ro\/index.php\/wp-json\/wp\/v2\/posts\/12981"}],"collection":[{"href":"https:\/\/www.apaoltenia.ro\/index.php\/wp-json\/wp\/v2\/posts"}],"about":[{"href":"https:\/\/www.apaoltenia.ro\/index.php\/wp-json\/wp\/v2\/types\/post"}],"author":[{"embeddable":true,"href":"https:\/\/www.apaoltenia.ro\/index.php\/wp-json\/wp\/v2\/users\/2"}],"replies":[{"embeddable":true,"href":"https:\/\/www.apaoltenia.ro\/index.php\/wp-json\/wp\/v2\/comments?post=12981"}],"version-history":[{"count":1,"href":"https:\/\/www.apaoltenia.ro\/index.php\/wp-json\/wp\/v2\/posts\/12981\/revisions"}],"predecessor-version":[{"id":12982,"href":"https:\/\/www.apaoltenia.ro\/index.php\/wp-json\/wp\/v2\/posts\/12981\/revisions\/12982"}],"wp:attachment":[{"href":"https:\/\/www.apaoltenia.ro\/index.php\/wp-json\/wp\/v2\/media?parent=12981"}],"wp:term":[{"taxonomy":"category","embeddable":true,"href":"https:\/\/www.apaoltenia.ro\/index.php\/wp-json\/wp\/v2\/categories?post=12981"},{"taxonomy":"post_tag","embeddable":true,"href":"https:\/\/www.apaoltenia.ro\/index.php\/wp-json\/wp\/v2\/tags?post=12981"}],"curies":[{"name":"wp","href":"https:\/\/api.w.org\/{rel}","templated":true}]}}