{"id":11329,"date":"2025-05-14T09:19:44","date_gmt":"2025-05-14T06:19:44","guid":{"rendered":"https:\/\/www.apaoltenia.ro\/?p=11329"},"modified":"2025-05-15T08:36:20","modified_gmt":"2025-05-15T05:36:20","slug":"interventii-14-05-2025","status":"publish","type":"post","link":"https:\/\/www.apaoltenia.ro\/index.php\/2025\/05\/14\/interventii-14-05-2025\/","title":{"rendered":"Interven\u021bii 14.05.2025"},"content":{"rendered":"<div class=\"yiv6091795127elementToProof\">&#8211; Str. Mircea Voda, nr.6-8 &#8211; montat rama plus capac<\/div>\n<div class=\"yiv6091795127elementToProof\">&#8211; Str. Fulger intersectie cu Aleea I Fragilor &#8211; reparat retea canalizare<\/div>\n<div>&#8211; Str. Brestei,nr.66 &#8211; conducta sparta<\/div>\n<div class=\"yiv6091795127elementToProof\">&#8211; Str. Malinului &#8211; extindere retea<\/div>\n<div class=\"yiv6091795127elementToProof\">&#8211; B-dul Decebal, bloc F5 &#8211; montare hidrant<\/div>\n<div>&#8211; Aleea II Teilor, nr.2A &#8211; conducta sparta<\/div>\n<div>&#8211; Str. Caracal, Complex Comercial B\u0103nie &#8211; conduct\u0103 spart\u0103. \u00cen vederea lucr\u0103rilor de remediere se \u00eentrerupe alimentarea cu ap\u0103 \u00een intervalul orar 10.00 &#8211; 12.00, afecta\u021bi fiind utilizatorii de pe tronsonul cuprins \u00eentre Centrul Comercial B\u0103nie \u0219i strada Caracal intersec\u021bie cu b-dul Decebal, inclusiv str. Aurel Vlaicu.<\/div>\n<div>&#8211; Str. Segarcea, nr. 37, comuna Podari &#8211; conduct\u0103 spart\u0103. \u00cen vederea lucr\u0103rilor de remediere se \u00eentrerupe alimentarea cu ap\u0103, \u00eencep\u00e2nd cu ora 10.20, afecta\u021bi fiind utilizatorii din satele Livezi \u0219i Gura V\u0103ii, precum \u0219i de pe strada Segarcea.<\/div>\n<div>&#8211; B-dul Raco\u021beanu, bloc K10, ora\u0219 Filia\u0219i &#8211; conduct\u0103 spart\u0103. \u00cen vederea lucr\u0103rilor de remediere se \u00eentrerupe alimentarea cu ap\u0103, \u00eencep\u00e2nd cu ora 10.50, afecta\u021bi fiind utilizatorii de la blocurile K1 &#8211; K12 \u0219i N1 &#8211; N6, de pe bulevardul Raco\u021beanu.<\/div>\n<div>&#8211; Str. B\u0103doi Vinerian, nr. 124, comuna \u021a\u00e2n\u021b\u0103reni, jude\u021bul Gorj &#8211; conduct\u0103 spart\u0103. \u00cen vederea lucr\u0103rilor de remediere se \u00eentrerupe alimentarea cu ap\u0103, \u00eencep\u00e2nd cu ora 12.30, afecta\u021bi fiind utilizatorii din satele Flore\u0219ti, Chiciura \u0219i Arpadia.<\/div>\n<div>\n<div class=\"yiv6697117046elementToProof\">&#8211; Str. <span style=\"font-size: 16px;\">Cosuna, nr.45 &#8211; conducta sparta<\/span><\/div>\n<div>&#8211; B-dul Decebal, bloc F5 &#8211; montare hidrant. \u00cen vederea execut\u0103rii lucr\u0103rii se \u00eentrerupe alimentarea cu ap\u0103, \u00een intervalul orar 14.00 &#8211; 15.00, afecta\u021bi fiind utilizatorii de la blocurile E16 &#8211; E30, D1 &#8211; D27, C8 &#8211; C32, E4, E5, 21-18, 21-19 &#8212; 21-93, A54, A59, F1 &#8211; F8, arondate la SH3 Rovine.<\/div>\n<div>\n<div class=\"I_ZkbNhI D_FY W_6D6F\" data-test-id=\"message-view-body\">\n<div class=\"msg-body P_wpofO mq_AS\" data-test-id=\"message-view-body-content\">\n<div class=\"jb_0 X_6MGW N_6Fd5\">\n<div>\n<div id=\"yiv3390696214\">\n<div dir=\"ltr\">\n<div class=\"yiv3390696214elementToProof\">&#8211; Str. Garlesti, nr.126 &#8211; conducta sparta<\/div>\n<div>\n<div class=\"I_ZkbNhI D_FY W_6D6F\" data-test-id=\"message-view-body\">\n<div class=\"msg-body P_wpofO mq_AS\" data-test-id=\"message-view-body-content\">\n<div class=\"jb_0 X_6MGW N_6Fd5\">\n<div>\n<div id=\"yiv9634874516\">\n<div dir=\"ltr\">\n<div class=\"yiv9634874516elementToProof\">&#8211; Str. Buzias, nr.1 B \u2014 conducta sparta<\/div>\n<\/div>\n<\/div>\n<\/div>\n<\/div>\n<\/div>\n<div class=\"jb_0 X_6MGW N_6Fd5\"><\/div>\n<\/div>\n<div class=\"H_7jIs D_F ab_C Q_69H5 E_36RhU\" data-test-id=\"toolbar-hover-area\">\n<div class=\"D_F W_6D6F r_BN gl_C\" data-test-id=\"card-toolbar\"><\/div>\n<\/div>\n<\/div>\n<\/div>\n<\/div>\n<\/div>\n<\/div>\n<\/div>\n<div class=\"jb_0 X_6MGW N_6Fd5\"><\/div>\n<\/div>\n<div class=\"H_7jIs D_F ab_C Q_69H5 E_36RhU\" data-test-id=\"toolbar-hover-area\">\n<div class=\"D_F W_6D6F r_BN gl_C\" data-test-id=\"card-toolbar\"><\/div>\n<\/div>\n<\/div>\n<\/div>\n","protected":false},"excerpt":{"rendered":"<p>&#8211; Str. Mircea Voda, nr.6-8 &#8211; montat rama plus capac &#8211; Str. Fulger intersectie cu Aleea I Fragilor &#8211; reparat retea canalizare &#8211; Str. Brestei,nr.66 &#8211; conducta sparta &#8211; Str. Malinului &#8211; extindere retea &#8211; B-dul Decebal, bloc F5 &#8211; montare hidrant &#8211; Aleea II Teilor, nr.2A &#8211; conducta sparta &#8211; Str. Caracal, Complex Comercial &hellip;<\/p>\n<p class=\"read-more\"> <a class=\"\" href=\"https:\/\/www.apaoltenia.ro\/index.php\/2025\/05\/14\/interventii-14-05-2025\/\"> <span class=\"screen-reader-text\">Interven\u021bii 14.05.2025<\/span> Read More &raquo;<\/a><\/p>\n","protected":false},"author":2,"featured_media":0,"comment_status":"closed","ping_status":"closed","sticky":false,"template":"","format":"standard","meta":[],"categories":[25],"tags":[],"_links":{"self":[{"href":"https:\/\/www.apaoltenia.ro\/index.php\/wp-json\/wp\/v2\/posts\/11329"}],"collection":[{"href":"https:\/\/www.apaoltenia.ro\/index.php\/wp-json\/wp\/v2\/posts"}],"about":[{"href":"https:\/\/www.apaoltenia.ro\/index.php\/wp-json\/wp\/v2\/types\/post"}],"author":[{"embeddable":true,"href":"https:\/\/www.apaoltenia.ro\/index.php\/wp-json\/wp\/v2\/users\/2"}],"replies":[{"embeddable":true,"href":"https:\/\/www.apaoltenia.ro\/index.php\/wp-json\/wp\/v2\/comments?post=11329"}],"version-history":[{"count":8,"href":"https:\/\/www.apaoltenia.ro\/index.php\/wp-json\/wp\/v2\/posts\/11329\/revisions"}],"predecessor-version":[{"id":11337,"href":"https:\/\/www.apaoltenia.ro\/index.php\/wp-json\/wp\/v2\/posts\/11329\/revisions\/11337"}],"wp:attachment":[{"href":"https:\/\/www.apaoltenia.ro\/index.php\/wp-json\/wp\/v2\/media?parent=11329"}],"wp:term":[{"taxonomy":"category","embeddable":true,"href":"https:\/\/www.apaoltenia.ro\/index.php\/wp-json\/wp\/v2\/categories?post=11329"},{"taxonomy":"post_tag","embeddable":true,"href":"https:\/\/www.apaoltenia.ro\/index.php\/wp-json\/wp\/v2\/tags?post=11329"}],"curies":[{"name":"wp","href":"https:\/\/api.w.org\/{rel}","templated":true}]}}