{"id":11226,"date":"2025-04-29T08:46:43","date_gmt":"2025-04-29T05:46:43","guid":{"rendered":"https:\/\/www.apaoltenia.ro\/?p=11226"},"modified":"2025-04-29T08:46:43","modified_gmt":"2025-04-29T05:46:43","slug":"anunt-intrerupere-alimentare-cu-apa-in-zona-macesu-de-jos-in-perioada-07-08-05-2025-pentru-lucrari-de-igienizare","status":"publish","type":"post","link":"https:\/\/www.apaoltenia.ro\/index.php\/2025\/04\/29\/anunt-intrerupere-alimentare-cu-apa-in-zona-macesu-de-jos-in-perioada-07-08-05-2025-pentru-lucrari-de-igienizare\/","title":{"rendered":"ANUN\u021a \u00ceNTRERUPERE ALIMENTARE CU AP\u0102 \u00ceN ZONA M\u0102CE\u0218U DE JOS, \u00ceN PERIOADA 07 &#8211; 08.05.2025, PENTRU LUCR\u0102RI DE IGIENIZARE"},"content":{"rendered":"<p><strong>S.C. Compania de Ap\u0103 Oltenia S.A.\u00a0anun\u021b\u0103 faptul c\u0103, <u>\u00een perioada 07 \u2013 08.05.2025 se efectueaz\u0103 lucr\u0103rile periodice de dezinfec\u021bie a instala\u021biilor tehnologice pentru tratarea apei potabile \u0219i a re\u021belei publice de distribu\u021bie, \u00een localit\u0103\u021bile M\u0103ce\u0219u de Jos \u0219i S\u0103pata, furnizarea apei potabile fiind \u00eentrerupt\u0103 \u00een ambele zile \u00een intervalul orar 00.00 \u2013 24.00.<\/u><\/strong><\/p>\n<p>Aten\u021bion\u0103m utilizatorii de ap\u0103 potabil\u0103 din zonele men\u021bionate c\u0103, din cauza manevrelor de golire \u015fi umplere a sistemului public de alimentare cu ap\u0103 potabil\u0103, ocazional, se pot produce modific\u0103ri ale calit\u0103\u021bii apei potabile din punct de vedere al turbidit\u0103\u021bii. La apari\u021bia acestor fenomene se va evita consumul de ap\u0103 potabil\u0103, p\u00e2n\u0103 la limpezirea apei.<\/p>\n<p>Compania de Ap\u0103 Oltenia S.A., prin Laboratoarele de analiz\u0103 a apei potabile, va monitoriza permanent calitatea apei dup\u0103 repunerea \u00een func\u021biune a sistemului de distribu\u021bie.<\/p>\n<p>Ne cerem scuze pentru disconfortul creat \u015fi v\u0103 mul\u021bumim pentru \u00een\u021belegere.<\/p>\n","protected":false},"excerpt":{"rendered":"<p>S.C. Compania de Ap\u0103 Oltenia S.A.\u00a0anun\u021b\u0103 faptul c\u0103, \u00een perioada 07 \u2013 08.05.2025 se efectueaz\u0103 lucr\u0103rile periodice de dezinfec\u021bie a instala\u021biilor tehnologice pentru tratarea apei potabile \u0219i a re\u021belei publice de distribu\u021bie, \u00een localit\u0103\u021bile M\u0103ce\u0219u de Jos \u0219i S\u0103pata, furnizarea apei potabile fiind \u00eentrerupt\u0103 \u00een ambele zile \u00een intervalul orar 00.00 \u2013 24.00. Aten\u021bion\u0103m utilizatorii &hellip;<\/p>\n<p class=\"read-more\"> <a class=\"\" href=\"https:\/\/www.apaoltenia.ro\/index.php\/2025\/04\/29\/anunt-intrerupere-alimentare-cu-apa-in-zona-macesu-de-jos-in-perioada-07-08-05-2025-pentru-lucrari-de-igienizare\/\"> <span class=\"screen-reader-text\">ANUN\u021a \u00ceNTRERUPERE ALIMENTARE CU AP\u0102 \u00ceN ZONA M\u0102CE\u0218U DE JOS, \u00ceN PERIOADA 07 &#8211; 08.05.2025, PENTRU LUCR\u0102RI DE IGIENIZARE<\/span> Read More &raquo;<\/a><\/p>\n","protected":false},"author":2,"featured_media":0,"comment_status":"closed","ping_status":"closed","sticky":false,"template":"","format":"standard","meta":[],"categories":[18,24],"tags":[],"_links":{"self":[{"href":"https:\/\/www.apaoltenia.ro\/index.php\/wp-json\/wp\/v2\/posts\/11226"}],"collection":[{"href":"https:\/\/www.apaoltenia.ro\/index.php\/wp-json\/wp\/v2\/posts"}],"about":[{"href":"https:\/\/www.apaoltenia.ro\/index.php\/wp-json\/wp\/v2\/types\/post"}],"author":[{"embeddable":true,"href":"https:\/\/www.apaoltenia.ro\/index.php\/wp-json\/wp\/v2\/users\/2"}],"replies":[{"embeddable":true,"href":"https:\/\/www.apaoltenia.ro\/index.php\/wp-json\/wp\/v2\/comments?post=11226"}],"version-history":[{"count":1,"href":"https:\/\/www.apaoltenia.ro\/index.php\/wp-json\/wp\/v2\/posts\/11226\/revisions"}],"predecessor-version":[{"id":11227,"href":"https:\/\/www.apaoltenia.ro\/index.php\/wp-json\/wp\/v2\/posts\/11226\/revisions\/11227"}],"wp:attachment":[{"href":"https:\/\/www.apaoltenia.ro\/index.php\/wp-json\/wp\/v2\/media?parent=11226"}],"wp:term":[{"taxonomy":"category","embeddable":true,"href":"https:\/\/www.apaoltenia.ro\/index.php\/wp-json\/wp\/v2\/categories?post=11226"},{"taxonomy":"post_tag","embeddable":true,"href":"https:\/\/www.apaoltenia.ro\/index.php\/wp-json\/wp\/v2\/tags?post=11226"}],"curies":[{"name":"wp","href":"https:\/\/api.w.org\/{rel}","templated":true}]}}